{"id":7436,"date":"2023-12-14T06:08:31","date_gmt":"2023-12-14T06:08:31","guid":{"rendered":"http:\/\/companiaolaberria.com\/2023\/12\/14\/bost-kide-berri-sartu-dira-konpainiaren-batzordean\/"},"modified":"2025-02-03T18:34:34","modified_gmt":"2025-02-03T17:34:34","slug":"bost-kide-berri-sartu-dira-konpainiaren-batzordean","status":"publish","type":"post","link":"https:\/\/companiaolaberria.com\/eu\/2023\/12\/14\/bost-kide-berri-sartu-dira-konpainiaren-batzordean\/","title":{"rendered":"BOST KIDE BERRI SARTU DIRA KONPAINIAREN BATZORDEAN"},"content":{"rendered":"<p style=\"text-align: center;\"><img loading=\"lazy\" decoding=\"async\" class=\" size-full wp-image-7433\" src=\"http:\/\/companiaolaberria.com\/wp-content\/uploads\/2023\/12\/Nuevoscomision2023.opt_.jpg\" border=\"0\" alt=\"\" width=\"600\" height=\"450\" srcset=\"https:\/\/companiaolaberria.com\/wp-content\/uploads\/2023\/12\/Nuevoscomision2023.opt_.jpg 600w, https:\/\/companiaolaberria.com\/wp-content\/uploads\/2023\/12\/Nuevoscomision2023.opt_-300x225.jpg 300w\" sizes=\"auto, (max-width: 600px) 100vw, 600px\" \/><\/p>\n<p style=\"text-align: center;\"><strong>Batzorde berria eratu eta biltzen hasi da<\/strong><\/p>\n<p>Igor Urdangar\u00edn, Aitor Planas, I\u00f1igo Mart\u00edn, I\u00f1aki Aramburu eta Josema Carrero konpainiako batzordean sartu dira. Batzordea berriki eratu eta biltzen hasi da, joan den irailaren 22ko hauteskundeen ondoren.<\/p>\n<p>Konpainiako batzordea honako kide hauek osatuko dute: Javier Garc\u00eda Nieto, I\u00f1aki Aguirrezabala, Mart\u00edn Tellechea, Alberto Etxebeste, Ram\u00f3n Martiarena, Jos\u00e9 Mar\u00eda Satrustegui, Jos\u00e9 Luis Retegui, Manuel Querejeta, I\u00f1aki Martiarena, Seraf\u00edn Elosua, Vicente Calleja, Mart\u00edn Jos\u00e9 Telletxea, Javier Oreja, Jos\u00e9 Luis Mart\u00edn, Santi P\u00e9rez, Daniel Camb\u00f3n, \u00d3scar P\u00e9rez, No\u00ebl d &#8216;Anjou, Jes\u00fas Lorenzo, Joxe Aramburu, Unai Martiarena eta aipatutako Igor Urdangar\u00edn, Aitor Planas, I\u00f1igo Mart\u00edn, I\u00f1aki Aramburu eta Josema Carrero.<\/p>\n<p>Mart\u00edn Tellecheak konpainiako idazkari izaten jarraituko du eta No\u00ebl d &#8216;Anjouk diruzain.<\/p>\n<p>\u00a0<\/p>\n<p>\u00a0<\/p>\n<p>\u00a0<\/p>\n<p>\u00a0<\/p>\n","protected":false},"excerpt":{"rendered":"<p>Batzorde berria eratu eta biltzen hasi da Igor Urdangar\u00edn, Aitor Planas, I\u00f1igo Mart\u00edn, I\u00f1aki Aramburu eta Josema Carrero konpainiako batzordean sartu dira. Batzordea berriki eratu eta biltzen hasi da, joan den irailaren 22ko hauteskundeen ondoren. Konpainiako batzordea honako kide hauek osatuko dute: Javier Garc\u00eda Nieto, I\u00f1aki Aguirrezabala, Mart\u00edn Tellechea, Alberto Etxebeste, Ram\u00f3n Martiarena, Jos\u00e9 Mar\u00eda [&hellip;]<\/p>\n","protected":false},"author":1,"featured_media":7433,"comment_status":"open","ping_status":"open","sticky":false,"template":"","format":"standard","meta":{"inline_featured_image":false,"footnotes":""},"categories":[45],"tags":[],"class_list":["post-7436","post","type-post","status-publish","format-standard","has-post-thumbnail","hentry","category-albisteak"],"_links":{"self":[{"href":"https:\/\/companiaolaberria.com\/eu\/wp-json\/wp\/v2\/posts\/7436","targetHints":{"allow":["GET"]}}],"collection":[{"href":"https:\/\/companiaolaberria.com\/eu\/wp-json\/wp\/v2\/posts"}],"about":[{"href":"https:\/\/companiaolaberria.com\/eu\/wp-json\/wp\/v2\/types\/post"}],"author":[{"embeddable":true,"href":"https:\/\/companiaolaberria.com\/eu\/wp-json\/wp\/v2\/users\/1"}],"replies":[{"embeddable":true,"href":"https:\/\/companiaolaberria.com\/eu\/wp-json\/wp\/v2\/comments?post=7436"}],"version-history":[{"count":1,"href":"https:\/\/companiaolaberria.com\/eu\/wp-json\/wp\/v2\/posts\/7436\/revisions"}],"predecessor-version":[{"id":7932,"href":"https:\/\/companiaolaberria.com\/eu\/wp-json\/wp\/v2\/posts\/7436\/revisions\/7932"}],"wp:featuredmedia":[{"embeddable":true,"href":"https:\/\/companiaolaberria.com\/eu\/wp-json\/wp\/v2\/media\/7433"}],"wp:attachment":[{"href":"https:\/\/companiaolaberria.com\/eu\/wp-json\/wp\/v2\/media?parent=7436"}],"wp:term":[{"taxonomy":"category","embeddable":true,"href":"https:\/\/companiaolaberria.com\/eu\/wp-json\/wp\/v2\/categories?post=7436"},{"taxonomy":"post_tag","embeddable":true,"href":"https:\/\/companiaolaberria.com\/eu\/wp-json\/wp\/v2\/tags?post=7436"}],"curies":[{"name":"wp","href":"https:\/\/api.w.org\/{rel}","templated":true}]}}