{"id":7302,"date":"2023-05-12T20:41:55","date_gmt":"2023-05-12T20:41:55","guid":{"rendered":"http:\/\/companiaolaberria.com\/2023\/05\/12\/cantinera-2023\/"},"modified":"2023-05-12T20:41:55","modified_gmt":"2023-05-12T20:41:55","slug":"cantinera-2023","status":"publish","type":"post","link":"https:\/\/companiaolaberria.com\/eu\/2023\/05\/12\/cantinera-2023\/","title":{"rendered":"PATRICIA L\u00d3PEZ ALFONSO, CANTINERA DE LA COMPA\u00d1\u00cdA OLABERRIA"},"content":{"rendered":"<p style=\"text-align: center;\"><img loading=\"lazy\" decoding=\"async\" class=\" size-full wp-image-7300\" src=\"http:\/\/companiaolaberria.com\/wp-content\/uploads\/2023\/05\/patricialopez_opt.jpg\" border=\"0\" alt=\"\" width=\"665\" height=\"664\" srcset=\"https:\/\/companiaolaberria.com\/wp-content\/uploads\/2023\/05\/patricialopez_opt.jpg 665w, https:\/\/companiaolaberria.com\/wp-content\/uploads\/2023\/05\/patricialopez_opt-300x300.jpg 300w, https:\/\/companiaolaberria.com\/wp-content\/uploads\/2023\/05\/patricialopez_opt-150x150.jpg 150w\" sizes=\"auto, (max-width: 665px) 100vw, 665px\" \/><br \/><strong style=\"text-align: center; font-size: 12.16px;\">En la elecci\u00f3n han participado un total de 138 miembros con derecho a voto<\/strong><\/p>\n<p style=\"text-align: justify;\">Patricia L\u00f3pez Alfonso ha sido elegida cantinera de la Compa\u00f1\u00eda Olaberria, en las elecciones que se han celebrado el 12 de mayo en las Antiguas Escuelas de Olaberria, con la participaci\u00f3n de un total de 138 miembros de la compa\u00f1\u00eda con derecho a voto.<\/p>\n<p style=\"text-align: justify;\">\u00a1Felicidades Patricia!<\/p>\n<p style=\"text-align: justify;\">\u00a0<\/p>\n","protected":false},"excerpt":{"rendered":"<p>En la elecci\u00f3n han participado un total de 138 miembros con derecho a voto Patricia L\u00f3pez Alfonso ha sido elegida cantinera de la Compa\u00f1\u00eda Olaberria, en las elecciones que se han celebrado el 12 de mayo en las Antiguas Escuelas de Olaberria, con la participaci\u00f3n de un total de 138 miembros de la compa\u00f1\u00eda con [&hellip;]<\/p>\n","protected":false},"author":1,"featured_media":7300,"comment_status":"open","ping_status":"open","sticky":false,"template":"","format":"standard","meta":{"inline_featured_image":false,"footnotes":""},"categories":[26],"tags":[],"class_list":["post-7302","post","type-post","status-publish","format-standard","has-post-thumbnail","hentry","category-noticias"],"_links":{"self":[{"href":"https:\/\/companiaolaberria.com\/eu\/wp-json\/wp\/v2\/posts\/7302","targetHints":{"allow":["GET"]}}],"collection":[{"href":"https:\/\/companiaolaberria.com\/eu\/wp-json\/wp\/v2\/posts"}],"about":[{"href":"https:\/\/companiaolaberria.com\/eu\/wp-json\/wp\/v2\/types\/post"}],"author":[{"embeddable":true,"href":"https:\/\/companiaolaberria.com\/eu\/wp-json\/wp\/v2\/users\/1"}],"replies":[{"embeddable":true,"href":"https:\/\/companiaolaberria.com\/eu\/wp-json\/wp\/v2\/comments?post=7302"}],"version-history":[{"count":0,"href":"https:\/\/companiaolaberria.com\/eu\/wp-json\/wp\/v2\/posts\/7302\/revisions"}],"wp:featuredmedia":[{"embeddable":true,"href":"https:\/\/companiaolaberria.com\/eu\/wp-json\/wp\/v2\/media\/7300"}],"wp:attachment":[{"href":"https:\/\/companiaolaberria.com\/eu\/wp-json\/wp\/v2\/media?parent=7302"}],"wp:term":[{"taxonomy":"category","embeddable":true,"href":"https:\/\/companiaolaberria.com\/eu\/wp-json\/wp\/v2\/categories?post=7302"},{"taxonomy":"post_tag","embeddable":true,"href":"https:\/\/companiaolaberria.com\/eu\/wp-json\/wp\/v2\/tags?post=7302"}],"curies":[{"name":"wp","href":"https:\/\/api.w.org\/{rel}","templated":true}]}}