{"id":7296,"date":"2023-05-09T02:19:13","date_gmt":"2023-05-09T02:19:13","guid":{"rendered":"http:\/\/companiaolaberria.com\/2023\/05\/09\/las-fotografias-del-concurso-se-exponen-en-el-danok-anai\/"},"modified":"2023-05-09T02:19:13","modified_gmt":"2023-05-09T02:19:13","slug":"las-fotografias-del-concurso-se-exponen-en-el-danok-anai","status":"publish","type":"post","link":"https:\/\/companiaolaberria.com\/eu\/2023\/05\/09\/las-fotografias-del-concurso-se-exponen-en-el-danok-anai\/","title":{"rendered":"LAS FOTOGRAF\u00cdAS DEL CONCURSO SE EXPONEN EN EL DANOK ANAI"},"content":{"rendered":"<p style=\"text-align: center;\"><img loading=\"lazy\" decoding=\"async\" class=\" size-full wp-image-7294\" src=\"http:\/\/companiaolaberria.com\/wp-content\/uploads\/2023\/05\/Fotos-en-el-Danok-Anai.1.jpg\" border=\"0\" alt=\"\" width=\"400\" height=\"300\" srcset=\"https:\/\/companiaolaberria.com\/wp-content\/uploads\/2023\/05\/Fotos-en-el-Danok-Anai.1.jpg 400w, https:\/\/companiaolaberria.com\/wp-content\/uploads\/2023\/05\/Fotos-en-el-Danok-Anai.1-300x225.jpg 300w\" sizes=\"auto, (max-width: 400px) 100vw, 400px\" \/><\/p>\n<p style=\"text-align: center;\"><strong>Saray L\u00f3pez Gonz\u00e1lez result\u00f3 la ganadora de la \u00faltima edici\u00f3n con su fotograf\u00eda <em>Descarga<\/em><\/strong><\/p>\n<p style=\"text-align: justify;\">Las fotograf\u00edas del VIII Concurso Fotogr\u00e1fico &#8220;Compa\u00f1\u00eda Olaberria&#8221; se pueden ver desde esta semana en el Bar Danok Anai. El panel con las fotograf\u00edas permanecer\u00e1 all\u00ed durante los pr\u00f3ximos meses, manteniendo de esta forma la idea original de que las fotograf\u00edas puedan ir rotando entre diferentes establecimientos colaboradores.<\/p>\n<p style=\"text-align: justify;\">Cabe recordar que Saray L\u00f3pez Gonz\u00e1lez, con su fotograf\u00eda <em>Descarga,<\/em> result\u00f3 ganadora del VIII Concurso Fotogr\u00e1fico &#8220;Compa\u00f1\u00eda Olaberria&#8221;. El segundo premio fue a parar a manos de Jorge L\u00f3pez Lorigados y su fotograf\u00eda <em>Su sonrisa tambi\u00e9n es la nuestra<\/em>, mientras que el jurado otorg\u00f3 dos terceros premios, A Karina Aguirre Altuna por su fotograf\u00eda<em> La bendici\u00f3n de la<\/em> Virgen, y a \u00d3scar P\u00e9rez Rienda por su fotograf\u00eda <em>Redoble.<\/em><\/p>\n<p>\u00a0<\/p>\n<p>\u00a0<\/p>\n<p>\u00a0<\/p>\n<p>\u00a0<\/p>\n","protected":false},"excerpt":{"rendered":"<p>Saray L\u00f3pez Gonz\u00e1lez result\u00f3 la ganadora de la \u00faltima edici\u00f3n con su fotograf\u00eda Descarga Las fotograf\u00edas del VIII Concurso Fotogr\u00e1fico &#8220;Compa\u00f1\u00eda Olaberria&#8221; se pueden ver desde esta semana en el Bar Danok Anai. El panel con las fotograf\u00edas permanecer\u00e1 all\u00ed durante los pr\u00f3ximos meses, manteniendo de esta forma la idea original de que las fotograf\u00edas [&hellip;]<\/p>\n","protected":false},"author":1,"featured_media":7294,"comment_status":"open","ping_status":"open","sticky":false,"template":"","format":"standard","meta":{"inline_featured_image":false,"footnotes":""},"categories":[26],"tags":[],"class_list":["post-7296","post","type-post","status-publish","format-standard","has-post-thumbnail","hentry","category-noticias"],"_links":{"self":[{"href":"https:\/\/companiaolaberria.com\/eu\/wp-json\/wp\/v2\/posts\/7296","targetHints":{"allow":["GET"]}}],"collection":[{"href":"https:\/\/companiaolaberria.com\/eu\/wp-json\/wp\/v2\/posts"}],"about":[{"href":"https:\/\/companiaolaberria.com\/eu\/wp-json\/wp\/v2\/types\/post"}],"author":[{"embeddable":true,"href":"https:\/\/companiaolaberria.com\/eu\/wp-json\/wp\/v2\/users\/1"}],"replies":[{"embeddable":true,"href":"https:\/\/companiaolaberria.com\/eu\/wp-json\/wp\/v2\/comments?post=7296"}],"version-history":[{"count":0,"href":"https:\/\/companiaolaberria.com\/eu\/wp-json\/wp\/v2\/posts\/7296\/revisions"}],"wp:featuredmedia":[{"embeddable":true,"href":"https:\/\/companiaolaberria.com\/eu\/wp-json\/wp\/v2\/media\/7294"}],"wp:attachment":[{"href":"https:\/\/companiaolaberria.com\/eu\/wp-json\/wp\/v2\/media?parent=7296"}],"wp:term":[{"taxonomy":"category","embeddable":true,"href":"https:\/\/companiaolaberria.com\/eu\/wp-json\/wp\/v2\/categories?post=7296"},{"taxonomy":"post_tag","embeddable":true,"href":"https:\/\/companiaolaberria.com\/eu\/wp-json\/wp\/v2\/tags?post=7296"}],"curies":[{"name":"wp","href":"https:\/\/api.w.org\/{rel}","templated":true}]}}