{"id":7279,"date":"2023-04-28T09:32:00","date_gmt":"2023-04-28T07:32:00","guid":{"rendered":"http:\/\/companiaolaberria.com\/2023\/04\/28\/jeneral-berretsita-2023\/"},"modified":"2025-02-07T09:59:32","modified_gmt":"2025-02-07T08:59:32","slug":"jeneral-berretsita-2023","status":"publish","type":"post","link":"https:\/\/companiaolaberria.com\/eu\/2023\/04\/28\/jeneral-berretsita-2023\/","title":{"rendered":"PACO CARRILLO, SAN MARTZIAL ALARDEKO JENERAL BEZALA BERRETSITA IZAN DA"},"content":{"rendered":"<p><img loading=\"lazy\" decoding=\"async\" class=\" size-full wp-image-7276\" src=\"http:\/\/companiaolaberria.com\/wp-content\/uploads\/2023\/04\/General_ratificacion_opt.jpg\" border=\"0\" alt=\"\" style=\"display: block; margin-left: auto; margin-right: auto;\" width=\"375\" height=\"500\" srcset=\"https:\/\/companiaolaberria.com\/wp-content\/uploads\/2023\/04\/General_ratificacion_opt.jpg 375w, https:\/\/companiaolaberria.com\/wp-content\/uploads\/2023\/04\/General_ratificacion_opt-225x300.jpg 225w\" sizes=\"auto, (max-width: 375px) 100vw, 375px\" \/><\/p>\n<p style=\"text-align: center;\"><em><strong>Akta idatzia doan pergaminoa biltzen duen zintaren koloreak urtero aldatzen dira. Aurten, Paco Carrilloren azkeneko urtea izango denez, lau koloreak aukeratu dira (gorria, beltza, txuria eta marroia)<\/strong><\/em><\/p>\n<p style=\"text-align: justify;\">Apirilaren 25ko arratsaldean Paco Carrillo San Martzial Alardeko Jeneralaren berrespen ekitaldia Irungo Kasinoan 20:00ean gauzatu da. Kapitain eta Unitate Buruak bildu dira deliberazio zeremonia baino lehen. Ondoren Paco Carrillo deitu da, non Buruzagien Batzordeko idazkariak, Javier Garc\u00eda Nietok (Olaberria Konpainiako kapitaina), Kapitain eta Unitate Buruen aurrean, Jeneralaren berronespen akta irakurri du. Honako hau esaten du (gazteleraz):<\/p>\n<p style=\"text-align: justify;\"><em>&#8220;Hoy, veinticinco de abril de dos mil veintitr\u00e9s, reunidos los Capitanes y Jefes de Unidad, que lo son, del Alarde de San Marcial, y en rememoraci\u00f3n de la elecci\u00f3n efectuada el veinticuatro de octubre de dos mil diecinueve, con este simb\u00f3lico acto se ratifica en el cargo de General del Alarde de San Marcial, al que lo es:<\/em><\/p>\n<p style=\"text-align: justify;\"><em>D. Paco Carrillo Etxeberria<\/em><\/p>\n<p style=\"text-align: justify;\"><em>Y para que as\u00ed conste, se hace entrega de la presente c\u00e9dula, actuando como fedatario el Secretario, que lo es, de la Junta de Mandos, D. Javier Garc\u00eda Nieto&#8221;<\/em><\/p>\n<p style=\"text-align: justify;\">Akta idatzia doan pergaminoa biltzen duen zintaren koloreak urtero aldatzen dira. Aurten, Paco Carrilloren azkeneko urtea izango denez, lau koloreak aukeratu dira: gerrikoa, txapela, gorbata eta zapiaren kolore gorria, berarekin ere Alardea babesten duten emakumeen espartinen zinta gorriak irudikatu nahi da; San Martzialen jakaren, kantineretako abarketen zinta eta belusezko gerruntze kolore beltza; San Martzial Eguneko praken eta espartinen kolore zuria; eta hatxeroen mandilaren kolore marroia.<\/p>\n<p style=\"text-align: justify;\">Jeneralaren izendapena, funtzionamendu kontuengatik, data hauetan, lau urteko epealdirako egiten da. Hala ere, ohiturari jarraituz, Buruzagien Batzordeak urtero egiten du Jeneralaren berronespena. Aldi berean, Paco Carrillok bere Estatu Nagusia aurkeztu du: Rub\u00e9n Fraile (Komandantea), I\u00f1aki Goikoetxea (Infanteriako Laguntzailea), Jagoba Usabarrena (Estatu Nagusiko Laguntzailea), I\u00f1aki C\u00e1mara (Zalditeriako Laguntzailea), Juan Ignacio Serrano (Artileriako Laguntzailea) eta Lauren Etxepare (Aginduen Kornetina).<\/p>\n<p style=\"text-align: justify;\"><strong>Paco Carrillo<\/strong><\/p>\n<p style=\"text-align: justify;\">Paco Carrillo Etxeberria, 64 urtekoa, 2015ko urriaren 13an San Martzial Alardeko Jenerala izateko hautatua izan zen eta 2019ko urriaren 24an berrautatua izan zen. 40 urtez Buenos Amigos Konpainian desfilatu zuen erredoblearekin alfereza izendatu arte. Postu horretan 1999 eta 2002 urte tartean atera zen, ondoren tenientea izan zen (2003-2010) eta geroago kapitaina (2011-2015).<\/p>\n","protected":false},"excerpt":{"rendered":"<p>Akta idatzia doan pergaminoa biltzen duen zintaren koloreak urtero aldatzen dira. Aurten, Paco Carrilloren azkeneko urtea izango denez, lau koloreak aukeratu dira (gorria, beltza, txuria eta marroia) Apirilaren 25ko arratsaldean Paco Carrillo San Martzial Alardeko Jeneralaren berrespen ekitaldia Irungo Kasinoan 20:00ean gauzatu da. Kapitain eta Unitate Buruak bildu dira deliberazio zeremonia baino lehen. Ondoren Paco [&hellip;]<\/p>\n","protected":false},"author":1,"featured_media":7276,"comment_status":"open","ping_status":"open","sticky":false,"template":"","format":"standard","meta":{"inline_featured_image":false,"footnotes":""},"categories":[45],"tags":[],"class_list":["post-7279","post","type-post","status-publish","format-standard","has-post-thumbnail","hentry","category-albisteak"],"_links":{"self":[{"href":"https:\/\/companiaolaberria.com\/eu\/wp-json\/wp\/v2\/posts\/7279","targetHints":{"allow":["GET"]}}],"collection":[{"href":"https:\/\/companiaolaberria.com\/eu\/wp-json\/wp\/v2\/posts"}],"about":[{"href":"https:\/\/companiaolaberria.com\/eu\/wp-json\/wp\/v2\/types\/post"}],"author":[{"embeddable":true,"href":"https:\/\/companiaolaberria.com\/eu\/wp-json\/wp\/v2\/users\/1"}],"replies":[{"embeddable":true,"href":"https:\/\/companiaolaberria.com\/eu\/wp-json\/wp\/v2\/comments?post=7279"}],"version-history":[{"count":1,"href":"https:\/\/companiaolaberria.com\/eu\/wp-json\/wp\/v2\/posts\/7279\/revisions"}],"predecessor-version":[{"id":7963,"href":"https:\/\/companiaolaberria.com\/eu\/wp-json\/wp\/v2\/posts\/7279\/revisions\/7963"}],"wp:featuredmedia":[{"embeddable":true,"href":"https:\/\/companiaolaberria.com\/eu\/wp-json\/wp\/v2\/media\/7276"}],"wp:attachment":[{"href":"https:\/\/companiaolaberria.com\/eu\/wp-json\/wp\/v2\/media?parent=7279"}],"wp:term":[{"taxonomy":"category","embeddable":true,"href":"https:\/\/companiaolaberria.com\/eu\/wp-json\/wp\/v2\/categories?post=7279"},{"taxonomy":"post_tag","embeddable":true,"href":"https:\/\/companiaolaberria.com\/eu\/wp-json\/wp\/v2\/tags?post=7279"}],"curies":[{"name":"wp","href":"https:\/\/api.w.org\/{rel}","templated":true}]}}