{"id":7271,"date":"2023-04-23T09:32:00","date_gmt":"2023-04-23T07:32:00","guid":{"rendered":"http:\/\/companiaolaberria.com\/?p=7271"},"modified":"2025-02-07T10:04:14","modified_gmt":"2025-02-07T09:04:14","slug":"argazki-lehiaketa-2023","status":"publish","type":"post","link":"https:\/\/companiaolaberria.com\/eu\/2023\/04\/23\/argazki-lehiaketa-2023\/","title":{"rendered":"IX. &#8220;OLABERRIA KONPAINIA&#8221; ARGAZKI LEHIAKETA DEITU DA"},"content":{"rendered":"<p><img loading=\"lazy\" decoding=\"async\" class=\" size-full wp-image-7232\" src=\"http:\/\/companiaolaberria.com\/wp-content\/uploads\/2022\/12\/Concurso-foto-22.jpg\" border=\"0\" alt=\"\" style=\"display: block; margin-left: auto; margin-right: auto;\" width=\"675\" height=\"450\" srcset=\"https:\/\/companiaolaberria.com\/wp-content\/uploads\/2022\/12\/Concurso-foto-22.jpg 675w, https:\/\/companiaolaberria.com\/wp-content\/uploads\/2022\/12\/Concurso-foto-22-300x200.jpg 300w\" sizes=\"auto, (max-width: 675px) 100vw, 675px\" \/><\/p>\n<p style=\"text-align: center;\"><em><strong>Hiru argazki onenentzat sariak egongo dira eta guzti-guztiak konpainiaren artxibora pasako dira<\/strong><\/em><\/p>\n<p style=\"text-align: justify;\">Olaberria Konpainiak IX. &#8220;Olaberria Konpainia&#8221; Argazki Lehiaketa antolatu du, gure konpainiarekin zerikusia duten argazkiak sustatu, aitortu, saritu eta zabaltzeko.<\/p>\n<p style=\"text-align: justify;\">Argazkiak 2023koak izan beharko dute, eta Olaberria Konpainiarekin lotuta egon beharko dute, bai San Martzial Alardean, bai konpainiak parte hartzen duen gainerako ekitaldi eta jardueretan: San Pedro eguneko ikuskaketa, entsaioak, Alardealdia, Marrazki eta Pintura Lehiaketa, musika tailerrak, bozketak, batzarrak, bilerak, etab.<\/p>\n<p style=\"text-align: justify;\">Lehiaketa pertsona guztientzat zabalik dago, adin, sexu edo inolako baldintzarik gabe. Izen-ematea doakoa da, info@companiaolaberria.com helbidera idatzi behar da. Aurkeztutako argazkiek argitaragabeak eta originalak izan beharko dute. Parte-hartzaile bakoitzak hiru argazki aurkeztu ahal izango ditu gehienez. Entregatzeko azken eguna uztailaren 31 izango da, eta aipatutako helbide elektronikora bidali beharko dira, argazkien izenburua, egilearen izena eta abizenak eta harremanetarako telefono bat adierazita. Lehiaketaren irabazleak urtea amaitu baino lehen jakinaraziko dira, eta sari-banaketa Jos\u00e9 Basilio Aranburu plazatxoan egingo da, oraindik zehaztu gabe dagoen egunean.<\/p>\n<p style=\"text-align: justify;\">Hiru argazki onenentzako sariak egongo dira eta guztiak konpainiaren artxiboan sartuko dira. Sariak bi establezimendu laguntzailek, batzordeko bi kidek eta konpainiako hiru soldaduk osatutako epaimahaiak erabakiko ditu. Argazki onenen aukeraketa bat establezimendu laguntzaileren batean jarriko da ikusgai, baita webgunean eta sare sozialetan ere.<\/p>\n<p style=\"text-align: justify;\"><strong>Saray L\u00f3pez, azken irabazlea<\/strong><\/p>\n<p style=\"text-align: justify;\">Gogoratu behar da Saray L\u00f3pez Gonz\u00e1lez, Descarga argazkiarekin, izan zela azken edizioko irabazlea. Bigarren saria Jorge L\u00f3pez Lorigados eta Su sonrisa tambi\u00e9n es la nuestra izeneko bere argazkiarentzat izan zen. Epaimahaiak, berriz, bi hirugarren sari eman zituen: Karina Aguirre Altunari La bendici\u00f3n de la Virgen argazkiarengatik eta \u00d3scar P\u00e9rez Riendari Redoble argazkiarengatik<\/p>\n<p style=\"text-align: justify;\">Oinarriak kontsultazeko,<\/p>\n<p>hemen klikatu. <a href=\"http:\/\/companiaolaberria.com\/wp-content\/uploads\/2023\/04\/BASES-IX-CONCURSO-FOTOGRAFICO-EUSK.pdf\">klik hemen<\/a>.<\/p>\n<p style=\"text-align: justify;\">\u00a0<\/p>\n","protected":false},"excerpt":{"rendered":"<p>Hiru argazki onenentzat sariak egongo dira eta guzti-guztiak konpainiaren artxibora pasako dira Olaberria Konpainiak IX. &#8220;Olaberria Konpainia&#8221; Argazki Lehiaketa antolatu du, gure konpainiarekin zerikusia duten argazkiak sustatu, aitortu, saritu eta zabaltzeko. Argazkiak 2023koak izan beharko dute, eta Olaberria Konpainiarekin lotuta egon beharko dute, bai San Martzial Alardean, bai konpainiak parte hartzen duen gainerako ekitaldi eta [&hellip;]<\/p>\n","protected":false},"author":1,"featured_media":7232,"comment_status":"open","ping_status":"open","sticky":false,"template":"","format":"standard","meta":{"inline_featured_image":false,"footnotes":""},"categories":[46],"tags":[],"class_list":["post-7271","post","type-post","status-publish","format-standard","has-post-thumbnail","hentry","category-agenda-eu-2"],"_links":{"self":[{"href":"https:\/\/companiaolaberria.com\/eu\/wp-json\/wp\/v2\/posts\/7271","targetHints":{"allow":["GET"]}}],"collection":[{"href":"https:\/\/companiaolaberria.com\/eu\/wp-json\/wp\/v2\/posts"}],"about":[{"href":"https:\/\/companiaolaberria.com\/eu\/wp-json\/wp\/v2\/types\/post"}],"author":[{"embeddable":true,"href":"https:\/\/companiaolaberria.com\/eu\/wp-json\/wp\/v2\/users\/1"}],"replies":[{"embeddable":true,"href":"https:\/\/companiaolaberria.com\/eu\/wp-json\/wp\/v2\/comments?post=7271"}],"version-history":[{"count":1,"href":"https:\/\/companiaolaberria.com\/eu\/wp-json\/wp\/v2\/posts\/7271\/revisions"}],"predecessor-version":[{"id":7967,"href":"https:\/\/companiaolaberria.com\/eu\/wp-json\/wp\/v2\/posts\/7271\/revisions\/7967"}],"wp:featuredmedia":[{"embeddable":true,"href":"https:\/\/companiaolaberria.com\/eu\/wp-json\/wp\/v2\/media\/7232"}],"wp:attachment":[{"href":"https:\/\/companiaolaberria.com\/eu\/wp-json\/wp\/v2\/media?parent=7271"}],"wp:term":[{"taxonomy":"category","embeddable":true,"href":"https:\/\/companiaolaberria.com\/eu\/wp-json\/wp\/v2\/categories?post=7271"},{"taxonomy":"post_tag","embeddable":true,"href":"https:\/\/companiaolaberria.com\/eu\/wp-json\/wp\/v2\/tags?post=7271"}],"curies":[{"name":"wp","href":"https:\/\/api.w.org\/{rel}","templated":true}]}}