{"id":7265,"date":"2023-04-23T08:32:00","date_gmt":"2023-04-23T06:32:00","guid":{"rendered":"http:\/\/companiaolaberria.com\/?p=7265"},"modified":"2025-02-07T10:08:24","modified_gmt":"2025-02-07T09:08:24","slug":"urteroko-bazkaria-2023","status":"publish","type":"post","link":"https:\/\/companiaolaberria.com\/eu\/2023\/04\/23\/urteroko-bazkaria-2023\/","title":{"rendered":"OLABERRIA, BI ALARDEEN ARTEKO URTEROKO BAZKARIAN"},"content":{"rendered":"<p><img loading=\"lazy\" decoding=\"async\" class=\" size-full wp-image-7262\" src=\"http:\/\/companiaolaberria.com\/wp-content\/uploads\/2023\/04\/Olaberriacomidajuntas23_opt.jpg\" border=\"0\" alt=\"\" style=\"display: block; margin-left: auto; margin-right: auto;\" width=\"608\" height=\"456\" srcset=\"https:\/\/companiaolaberria.com\/wp-content\/uploads\/2023\/04\/Olaberriacomidajuntas23_opt.jpg 608w, https:\/\/companiaolaberria.com\/wp-content\/uploads\/2023\/04\/Olaberriacomidajuntas23_opt-300x225.jpg 300w\" sizes=\"auto, (max-width: 608px) 100vw, 608px\" \/><\/p>\n<p style=\"text-align: center;\"><em><strong>Javier Garc\u00eda Nieto, I\u00f1aki Aguirrezabala, Mart\u00edn Tellechea eta I\u00f1aki Martiarena izan dira Olaberria Konpainiaren ordezkariak Ardora jatetxean egin den bazkarian<\/strong><\/em><\/p>\n<p style=\"text-align: justify;\">Irungo eta Hondarribiko alardeetako konpainietako eta parte-hartze mugatuko unitateetako agintariak otsailaren 25ean bildu dira bi alardeen arteko bazkari tradizionala ospatzeko. Javier Garc\u00eda Nietok, I\u00f1aki Aguirrezabalak, Mart\u00edn Tellecheak eta I\u00f1aki Martiarenak Olaberria Konpainia ordezkatu dute Ardora jatetxean egin den bazkarian.<\/p>\n<p style=\"text-align: justify;\">Bazkariaren amaieran galtzadarriaren eskultura eman da, bi alardeen indarra eta iraunkortasuna irudikatzen duena. Obra urteko bazkari honetan ematen da batzorde batetik bestera, eta jasotzen duen batzordeak urte osoan zehar gordetzen du. Oraingoan Gregorio Alkain Hondarribiko Alardeko Burgomaisuak eman dio galtzadarria Paco Carrillo San Martzial Alardeko Jeneralari.<\/p>\n<p style=\"text-align: justify;\">\u00a0<\/p>\n","protected":false},"excerpt":{"rendered":"<p>Javier Garc\u00eda Nieto, I\u00f1aki Aguirrezabala, Mart\u00edn Tellechea eta I\u00f1aki Martiarena izan dira Olaberria Konpainiaren ordezkariak Ardora jatetxean egin den bazkarian Irungo eta Hondarribiko alardeetako konpainietako eta parte-hartze mugatuko unitateetako agintariak otsailaren 25ean bildu dira bi alardeen arteko bazkari tradizionala ospatzeko. Javier Garc\u00eda Nietok, I\u00f1aki Aguirrezabalak, Mart\u00edn Tellecheak eta I\u00f1aki Martiarenak Olaberria Konpainia ordezkatu dute Ardora [&hellip;]<\/p>\n","protected":false},"author":1,"featured_media":7262,"comment_status":"open","ping_status":"open","sticky":false,"template":"","format":"standard","meta":{"inline_featured_image":false,"footnotes":""},"categories":[45],"tags":[],"class_list":["post-7265","post","type-post","status-publish","format-standard","has-post-thumbnail","hentry","category-albisteak"],"_links":{"self":[{"href":"https:\/\/companiaolaberria.com\/eu\/wp-json\/wp\/v2\/posts\/7265","targetHints":{"allow":["GET"]}}],"collection":[{"href":"https:\/\/companiaolaberria.com\/eu\/wp-json\/wp\/v2\/posts"}],"about":[{"href":"https:\/\/companiaolaberria.com\/eu\/wp-json\/wp\/v2\/types\/post"}],"author":[{"embeddable":true,"href":"https:\/\/companiaolaberria.com\/eu\/wp-json\/wp\/v2\/users\/1"}],"replies":[{"embeddable":true,"href":"https:\/\/companiaolaberria.com\/eu\/wp-json\/wp\/v2\/comments?post=7265"}],"version-history":[{"count":1,"href":"https:\/\/companiaolaberria.com\/eu\/wp-json\/wp\/v2\/posts\/7265\/revisions"}],"predecessor-version":[{"id":7970,"href":"https:\/\/companiaolaberria.com\/eu\/wp-json\/wp\/v2\/posts\/7265\/revisions\/7970"}],"wp:featuredmedia":[{"embeddable":true,"href":"https:\/\/companiaolaberria.com\/eu\/wp-json\/wp\/v2\/media\/7262"}],"wp:attachment":[{"href":"https:\/\/companiaolaberria.com\/eu\/wp-json\/wp\/v2\/media?parent=7265"}],"wp:term":[{"taxonomy":"category","embeddable":true,"href":"https:\/\/companiaolaberria.com\/eu\/wp-json\/wp\/v2\/categories?post=7265"},{"taxonomy":"post_tag","embeddable":true,"href":"https:\/\/companiaolaberria.com\/eu\/wp-json\/wp\/v2\/tags?post=7265"}],"curies":[{"name":"wp","href":"https:\/\/api.w.org\/{rel}","templated":true}]}}