{"id":5894,"date":"2013-10-27T10:53:08","date_gmt":"2013-10-27T10:53:08","guid":{"rendered":"http:\/\/companiaolaberria.com\/2013\/10\/27\/nuestra-compania\/"},"modified":"2013-10-27T10:53:08","modified_gmt":"2013-10-27T10:53:08","slug":"nuestra-compania","status":"publish","type":"post","link":"https:\/\/companiaolaberria.com\/eu\/2013\/10\/27\/nuestra-compania\/","title":{"rendered":"Nuestra Compa\u00f1\u00eda"},"content":{"rendered":"<p><a href=\"http:\/\/companiaolaberria.com\/wp-content\/uploads\/2013\/10\/IMG1109.jpg\" data-rokbox=\"\"><img loading=\"lazy\" decoding=\"async\" src=\"http:\/\/companiaolaberria.com\/wp-content\/uploads\/2013\/10\/IMG1109.jpg\" border=\"0\" width=\"161\" height=\"234\" style=\"border: border: 1px solid #cc0000; float: left; margin-right: 14px; margin-top: 5px; margin-bottom: 8px;\" \/><\/a>Hasta hace pocos a\u00f1os se pensaba que la Compa\u00f1\u00eda Olaberria era una de las que ya form\u00f3 en el Alarde de San Marcial de 1881, aunque investigaciones recientes indican que con este nombre aparece por primera vez en el a\u00f1o 1896. Anteriormente la Compa\u00f1\u00eda figura en las revistas de armas como B\u00ba Ergoien.<\/p>\n<p>Cuentan las cr\u00f3nicas que en 1939 faltaba un soldado para cumplir con el cupo obligatorio. Para que la Compa\u00f1\u00eda no fuese sancionada y perdiera su puesto en el desfile el Capit\u00e1n mand\u00f3 buscar un soldado por los caser\u00edos, encontrando uno en el caser\u00edo Makatza, por lo que la Compa\u00f1\u00eda pudo desfilar.<\/p>\n<p>En los a\u00f1os 40 la Compa\u00f1\u00eda sol\u00eda salir desde Estebenea acompa\u00f1ada de un acorde\u00f3n, que tocaba la marcha de San Marcial hasta llegar a la plaza de Urdanibia, donde era sustituido por un txistu y un tambor.<\/p>\n<p><a href=\"http:\/\/companiaolaberria.com\/wp-content\/uploads\/2013\/10\/DSC0684.jpg\" data-rokbox=\"\"><img loading=\"lazy\" decoding=\"async\" src=\"http:\/\/companiaolaberria.com\/wp-content\/uploads\/2013\/10\/DSC0684.jpg\" border=\"0\" width=\"285\" height=\"189\" style=\"border: 1px solid #cc0000; float: right; margin-top: 8px; margin-bottom: 4px; margin-left: 12px;\" \/><\/a>En la actualidad Estebenea sigue siendo el punto de encuentro en ensayos, San Pedro y San Marcial. La Compa\u00f1\u00eda ha ido ganando soldados con el paso de los a\u00f1os, a medida que el barrio ha ido creciendo y se han ido construyendo nuevos \u00e1mbitos, como Larreaundi, Ribera o Perujaran. Actualmente el d\u00eda de San Marcial desfilan con la Compa\u00f1\u00eda m\u00e1s de 500 soldados.<\/p>\n<p>\u00a0<\/p>\n<p>\u00a0<\/p>\n","protected":false},"excerpt":{"rendered":"<p>Hasta hace pocos a\u00f1os se pensaba que la Compa\u00f1\u00eda Olaberria era una de las que ya form\u00f3 en el Alarde de San Marcial de 1881, aunque investigaciones recientes indican que con este nombre aparece por primera vez en el a\u00f1o 1896. Anteriormente la Compa\u00f1\u00eda figura en las revistas de armas como B\u00ba Ergoien. Cuentan las [&hellip;]<\/p>\n","protected":false},"author":1,"featured_media":5890,"comment_status":"open","ping_status":"open","sticky":false,"template":"","format":"standard","meta":{"inline_featured_image":false,"footnotes":""},"categories":[19],"tags":[],"class_list":["post-5894","post","type-post","status-publish","format-standard","has-post-thumbnail","hentry","category-historia"],"_links":{"self":[{"href":"https:\/\/companiaolaberria.com\/eu\/wp-json\/wp\/v2\/posts\/5894","targetHints":{"allow":["GET"]}}],"collection":[{"href":"https:\/\/companiaolaberria.com\/eu\/wp-json\/wp\/v2\/posts"}],"about":[{"href":"https:\/\/companiaolaberria.com\/eu\/wp-json\/wp\/v2\/types\/post"}],"author":[{"embeddable":true,"href":"https:\/\/companiaolaberria.com\/eu\/wp-json\/wp\/v2\/users\/1"}],"replies":[{"embeddable":true,"href":"https:\/\/companiaolaberria.com\/eu\/wp-json\/wp\/v2\/comments?post=5894"}],"version-history":[{"count":0,"href":"https:\/\/companiaolaberria.com\/eu\/wp-json\/wp\/v2\/posts\/5894\/revisions"}],"wp:featuredmedia":[{"embeddable":true,"href":"https:\/\/companiaolaberria.com\/eu\/wp-json\/wp\/v2\/media\/5890"}],"wp:attachment":[{"href":"https:\/\/companiaolaberria.com\/eu\/wp-json\/wp\/v2\/media?parent=5894"}],"wp:term":[{"taxonomy":"category","embeddable":true,"href":"https:\/\/companiaolaberria.com\/eu\/wp-json\/wp\/v2\/categories?post=5894"},{"taxonomy":"post_tag","embeddable":true,"href":"https:\/\/companiaolaberria.com\/eu\/wp-json\/wp\/v2\/tags?post=5894"}],"curies":[{"name":"wp","href":"https:\/\/api.w.org\/{rel}","templated":true}]}}