{"id":5882,"date":"2013-10-27T10:53:08","date_gmt":"2013-10-27T10:53:08","guid":{"rendered":"http:\/\/companiaolaberria.com\/2013\/10\/27\/concurso-dibujo-pintura\/"},"modified":"2013-10-27T10:53:08","modified_gmt":"2013-10-27T10:53:08","slug":"concurso-dibujo-pintura","status":"publish","type":"post","link":"https:\/\/companiaolaberria.com\/eu\/2013\/10\/27\/concurso-dibujo-pintura\/","title":{"rendered":"Concurso de Dibujo y Pintura"},"content":{"rendered":"<p><a href=\"http:\/\/companiaolaberria.com\/wp-content\/uploads\/2013\/10\/concurso-dibujo2.jpg\" data-rokbox=\"\"> <img loading=\"lazy\" decoding=\"async\" src=\"http:\/\/companiaolaberria.com\/wp-content\/uploads\/2013\/10\/concurso-dibujo2.jpg\" border=\"0\" width=\"196\" height=\"253\" style=\"float: left; margin-right: 12px; margin-bottom: 5px;\" \/> <\/a> En septiembre de 2007 se empieza a trabajar en la idea de celebrar un concurso de dibujo y pintura para los ni\u00f1os del barrio, en fechas cercanas a fiestas y que tuviera el Alarde de San Marcial como tem\u00e1tica. Se estudia adem\u00e1s la posibilidad de realizar un ensayo con ellos al terminar el concurso, en el que los ni\u00f1os pudieran ir tocando el instrumento que les gusta y las ni\u00f1as acompa\u00f1ar con sus abanicos a la cantinera.<\/p>\n<p>Tras varias reuniones y estudiar diferentes emplazamientos se acuerda celebrar el concurso en la plaza Jos\u00e9 Basilio Aranburu (trasera de la calle Perujaran) y salir ensayando luego con los participantes hasta Larreaundi.<\/p>\n<p>Se establecen tres categor\u00edas: 6-7-8 a\u00f1os, 9-10 a\u00f1os y 11-12 a\u00f1os, as\u00ed como un primer, un segundo y un tercer premio para cada categor\u00eda.<\/p>\n<p>La comisi\u00f3n se pone en contacto con distintos comercios y bares del barrio, que colaboran con la compa\u00f1\u00eda regalando comida y bebida para preparar una merienda para los participantes. Algunos comercios donan adem\u00e1s material para regalar a los ganadores del concurso.<\/p>\n<p>El I Concurso de Dibujo y Pintura se celebra el 21 de junio de 2008. Desde entonces se ha venido celebrando todos los a\u00f1os.<\/p>\n<p>\u00a0<\/p>\n","protected":false},"excerpt":{"rendered":"<p>En septiembre de 2007 se empieza a trabajar en la idea de celebrar un concurso de dibujo y pintura para los ni\u00f1os del barrio, en fechas cercanas a fiestas y que tuviera el Alarde de San Marcial como tem\u00e1tica. Se estudia adem\u00e1s la posibilidad de realizar un ensayo con ellos al terminar el concurso, en [&hellip;]<\/p>\n","protected":false},"author":1,"featured_media":5880,"comment_status":"open","ping_status":"open","sticky":false,"template":"","format":"standard","meta":{"inline_featured_image":false,"footnotes":""},"categories":[23],"tags":[],"class_list":["post-5882","post","type-post","status-publish","format-standard","has-post-thumbnail","hentry","category-actividades"],"_links":{"self":[{"href":"https:\/\/companiaolaberria.com\/eu\/wp-json\/wp\/v2\/posts\/5882","targetHints":{"allow":["GET"]}}],"collection":[{"href":"https:\/\/companiaolaberria.com\/eu\/wp-json\/wp\/v2\/posts"}],"about":[{"href":"https:\/\/companiaolaberria.com\/eu\/wp-json\/wp\/v2\/types\/post"}],"author":[{"embeddable":true,"href":"https:\/\/companiaolaberria.com\/eu\/wp-json\/wp\/v2\/users\/1"}],"replies":[{"embeddable":true,"href":"https:\/\/companiaolaberria.com\/eu\/wp-json\/wp\/v2\/comments?post=5882"}],"version-history":[{"count":0,"href":"https:\/\/companiaolaberria.com\/eu\/wp-json\/wp\/v2\/posts\/5882\/revisions"}],"wp:featuredmedia":[{"embeddable":true,"href":"https:\/\/companiaolaberria.com\/eu\/wp-json\/wp\/v2\/media\/5880"}],"wp:attachment":[{"href":"https:\/\/companiaolaberria.com\/eu\/wp-json\/wp\/v2\/media?parent=5882"}],"wp:term":[{"taxonomy":"category","embeddable":true,"href":"https:\/\/companiaolaberria.com\/eu\/wp-json\/wp\/v2\/categories?post=5882"},{"taxonomy":"post_tag","embeddable":true,"href":"https:\/\/companiaolaberria.com\/eu\/wp-json\/wp\/v2\/tags?post=5882"}],"curies":[{"name":"wp","href":"https:\/\/api.w.org\/{rel}","templated":true}]}}